{"id":4903,"date":"2026-01-01T18:57:59","date_gmt":"2026-01-01T18:57:59","guid":{"rendered":"https:\/\/if.edu.mx\/?p=4903"},"modified":"2026-02-05T16:17:07","modified_gmt":"2026-02-05T16:17:07","slug":"curso-en-pensamiento-critico-el-arte-del-analisis-argumental-1-de-julio-de-2024-a-distancia-asincronico","status":"publish","type":"post","link":"https:\/\/if.edu.mx\/index.php\/2026\/01\/01\/curso-en-pensamiento-critico-el-arte-del-analisis-argumental-1-de-julio-de-2024-a-distancia-asincronico\/","title":{"rendered":"Curso en Pensamiento Cr\u00edtico: El Arte del An\u00e1lisis Argumental. (2026) (A distancia &#8211; asincr\u00f3nico &#8211; c\u00edclico)."},"content":{"rendered":"\t\t<div data-elementor-type=\"wp-post\" data-elementor-id=\"4903\" class=\"elementor elementor-4903\" data-elementor-settings=\"{&quot;ha_cmc_init_switcher&quot;:&quot;no&quot;}\">\n\t\t\t\t\t\t<section class=\"elementor-section elementor-top-section elementor-element elementor-element-aadf1b6 elementor-section-boxed elementor-section-height-default elementor-section-height-default\" data-id=\"aadf1b6\" data-element_type=\"section\" data-e-type=\"section\">\n\t\t\t\t\t\t<div class=\"elementor-container elementor-column-gap-default\">\n\t\t\t\t\t<div class=\"elementor-column elementor-col-100 elementor-top-column elementor-element elementor-element-a750213\" data-id=\"a750213\" data-element_type=\"column\" data-e-type=\"column\">\n\t\t\t<div class=\"elementor-widget-wrap elementor-element-populated\">\n\t\t\t\t\t\t<div class=\"elementor-element elementor-element-b09c7b7 elementor-widget elementor-widget-heading\" data-id=\"b09c7b7\" data-element_type=\"widget\" data-e-type=\"widget\" data-widget_type=\"heading.default\">\n\t\t\t\t<div class=\"elementor-widget-container\">\n\t\t\t\t\t<h2 class=\"elementor-heading-title elementor-size-default\">Generalidades:\n<\/h2>\t\t\t\t<\/div>\n\t\t\t\t<\/div>\n\t\t\t\t<div class=\"elementor-element elementor-element-e8229ff elementor-widget elementor-widget-text-editor\" data-id=\"e8229ff\" data-element_type=\"widget\" data-e-type=\"widget\" data-widget_type=\"text-editor.default\">\n\t\t\t\t<div class=\"elementor-widget-container\">\n\t\t\t\t\t\t\t\t\t<p><strong>Organiza:<\/strong> Instituto de Filosof\u00eda.<\/p>\n<p><strong>Generalidades:&nbsp;<\/strong>Este curso ofrece un conjunto de herramientas te\u00f3ricas y pr\u00e1cticas que pueden aprovecharse para el ejercicio eficiente de la comprensi\u00f3n, an\u00e1lisis y evaluaci\u00f3n de discursos argumentativos orales y escritos.<\/p>\n<p><strong>Modalidad:<\/strong> a distancia (asincr\u00f3nico-plataforma Moodle).<\/p>\n<p><strong>Fecha de inicio:<\/strong> (Abierto &#8211; c\u00edclico).<\/p>\n<p><strong>Costo:<\/strong>&nbsp;$400mxn. (pesos mexicanos) o U$30 d\u00f3lares.<\/p>\n<p><span style=\"font-weight: bolder;\">Autor:<\/span>&nbsp;Mtro. Mario Lozano.<\/p>\n<p><strong>Temario:&nbsp;<\/strong><\/p>\n<p>-Introducci\u00f3n al an\u00e1lisis de argumentos: Conceptos b\u00e1sicos.<\/p>\n<p>-Parafraseo de argumentos.<\/p>\n<p>-Identificaci\u00f3n de argumentos.<\/p>\n<p>-Argumentos y explicaciones.<\/p>\n<p>-Diagramas para argumentos.<\/p>\n<p>-Divisi\u00f3n de proposiciones en argumentos.<\/p>\n<p>-Algunos usos del diagrama argumental.<\/p>\n<p>-Diagramas argumentales de m\u00e1s de una conclusi\u00f3n.<\/p>\n<p><b>&nbsp;<\/b><\/p>\n<p><b>&nbsp;<\/b><\/p>\t\t\t\t\t\t\t\t<\/div>\n\t\t\t\t<\/div>\n\t\t\t\t<div class=\"elementor-element elementor-element-1b9f2a8 elementor-widget-divider--view-line elementor-widget elementor-widget-divider\" data-id=\"1b9f2a8\" data-element_type=\"widget\" data-e-type=\"widget\" data-widget_type=\"divider.default\">\n\t\t\t\t<div class=\"elementor-widget-container\">\n\t\t\t\t\t\t\t<div class=\"elementor-divider\">\n\t\t\t<span class=\"elementor-divider-separator\">\n\t\t\t\t\t\t<\/span>\n\t\t<\/div>\n\t\t\t\t\t\t<\/div>\n\t\t\t\t<\/div>\n\t\t\t\t<div class=\"elementor-element elementor-element-5a7e6d5 elementor-widget elementor-widget-text-editor\" data-id=\"5a7e6d5\" data-element_type=\"widget\" data-e-type=\"widget\" data-widget_type=\"text-editor.default\">\n\t\t\t\t<div class=\"elementor-widget-container\">\n\t\t\t\t\t\t\t\t\t<p><b>M\u00e1s informaci\u00f3n:<\/b> difusion@if.edu.mx; auxiliar.difusion@if.edu.mx Cel. (+52) 33 2256 3078\u00a0<\/p>\n<p class=\"MsoNormal\" style=\"margin-bottom: 0cm; line-height: normal;\">\u00a0<\/p>\t\t\t\t\t\t\t\t<\/div>\n\t\t\t\t<\/div>\n\t\t\t\t<div class=\"elementor-element elementor-element-5b4132f elementor-align-center elementor-widget elementor-widget-button\" data-id=\"5b4132f\" data-element_type=\"widget\" data-e-type=\"widget\" data-widget_type=\"button.default\">\n\t\t\t\t<div class=\"elementor-widget-container\">\n\t\t\t\t\t\t\t\t\t<div class=\"elementor-button-wrapper\">\n\t\t\t\t\t<a class=\"elementor-button elementor-button-link elementor-size-sm\" href=\"https:\/\/docs.google.com\/forms\/d\/e\/1FAIpQLSfEwLHtOPQpep_fsqP3-lpxwSXPD-Mbp-oBn4PXP3T5mbrh2A\/viewform?usp=sf_link\">\n\t\t\t\t\t\t<span class=\"elementor-button-content-wrapper\">\n\t\t\t\t\t\t\t\t\t<span class=\"elementor-button-text\">Inscripciones aqui<\/span>\n\t\t\t\t\t<\/span>\n\t\t\t\t\t<\/a>\n\t\t\t\t<\/div>\n\t\t\t\t\t\t\t\t<\/div>\n\t\t\t\t<\/div>\n\t\t\t\t<div class=\"elementor-element elementor-element-9103251 elementor-widget-divider--view-line elementor-widget elementor-widget-divider\" data-id=\"9103251\" data-element_type=\"widget\" data-e-type=\"widget\" data-widget_type=\"divider.default\">\n\t\t\t\t<div class=\"elementor-widget-container\">\n\t\t\t\t\t\t\t<div class=\"elementor-divider\">\n\t\t\t<span class=\"elementor-divider-separator\">\n\t\t\t\t\t\t<\/span>\n\t\t<\/div>\n\t\t\t\t\t\t<\/div>\n\t\t\t\t<\/div>\n\t\t\t\t\t<\/div>\n\t\t<\/div>\n\t\t\t\t\t<\/div>\n\t\t<\/section>\n\t\t\t\t<section class=\"elementor-section elementor-top-section elementor-element elementor-element-5c9c788 elementor-section-boxed elementor-section-height-default elementor-section-height-default\" data-id=\"5c9c788\" data-element_type=\"section\" data-e-type=\"section\">\n\t\t\t\t\t\t<div class=\"elementor-container elementor-column-gap-default\">\n\t\t\t\t\t<div class=\"elementor-column elementor-col-100 elementor-top-column elementor-element elementor-element-1d1935c\" data-id=\"1d1935c\" data-element_type=\"column\" data-e-type=\"column\">\n\t\t\t<div class=\"elementor-widget-wrap\">\n\t\t\t\t\t\t\t<\/div>\n\t\t<\/div>\n\t\t\t\t\t<\/div>\n\t\t<\/section>\n\t\t\t\t<\/div>\n\t\t","protected":false},"excerpt":{"rendered":"<p>Este curso ofrece un conjunto de herramientas te\u00f3ricas y pr\u00e1cticas que pueden aprovecharse para el ejercicio eficiente de la comprensi\u00f3n, an\u00e1lisis y evaluaci\u00f3n de discursos argumentativos orales y escritos&#8230;<\/p>\n","protected":false},"author":1,"featured_media":5585,"comment_status":"open","ping_status":"closed","sticky":false,"template":"","format":"standard","meta":{"footnotes":""},"categories":[14,9],"tags":[],"class_list":["post-4903","post","type-post","status-publish","format-standard","has-post-thumbnail","hentry","category-cursos","category-novedades"],"yoast_head":"<!-- This site is optimized with the Yoast SEO plugin v27.4 - https:\/\/yoast.com\/product\/yoast-seo-wordpress\/ -->\n<title>Curso en Pensamiento Cr\u00edtico: El Arte del An\u00e1lisis Argumental. (2026) (A distancia - asincr\u00f3nico - c\u00edclico). - Instituto de filosofia<\/title>\n<meta name=\"robots\" content=\"index, follow, max-snippet:-1, max-image-preview:large, max-video-preview:-1\" \/>\n<link rel=\"canonical\" href=\"https:\/\/if.edu.mx\/index.php\/2026\/01\/01\/curso-en-pensamiento-critico-el-arte-del-analisis-argumental-1-de-julio-de-2024-a-distancia-asincronico\/\" \/>\n<meta property=\"og:locale\" content=\"es_ES\" \/>\n<meta property=\"og:type\" content=\"article\" \/>\n<meta property=\"og:title\" content=\"Curso en Pensamiento Cr\u00edtico: El Arte del An\u00e1lisis Argumental. (2026) (A distancia - asincr\u00f3nico - c\u00edclico). - Instituto de filosofia\" \/>\n<meta property=\"og:description\" content=\"Este curso ofrece un conjunto de herramientas te\u00f3ricas y pr\u00e1cticas que pueden aprovecharse para el ejercicio eficiente de la comprensi\u00f3n, an\u00e1lisis y evaluaci\u00f3n de discursos argumentativos orales y escritos...\" \/>\n<meta property=\"og:url\" content=\"https:\/\/if.edu.mx\/index.php\/2026\/01\/01\/curso-en-pensamiento-critico-el-arte-del-analisis-argumental-1-de-julio-de-2024-a-distancia-asincronico\/\" \/>\n<meta property=\"og:site_name\" content=\"Instituto de filosofia\" \/>\n<meta property=\"article:published_time\" content=\"2026-01-01T18:57:59+00:00\" \/>\n<meta property=\"article:modified_time\" content=\"2026-02-05T16:17:07+00:00\" \/>\n<meta property=\"og:image\" content=\"https:\/\/if.edu.mx\/wp-content\/uploads\/2024\/06\/Miniaturacurso-pensamiento-critico_Mesa-de-trabajo-1.jpg\" \/>\n\t<meta property=\"og:image:width\" content=\"1458\" \/>\n\t<meta property=\"og:image:height\" content=\"1042\" \/>\n\t<meta property=\"og:image:type\" content=\"image\/jpeg\" \/>\n<meta name=\"author\" content=\"admin\" \/>\n<meta name=\"twitter:card\" content=\"summary_large_image\" \/>\n<meta name=\"twitter:label1\" content=\"Escrito por\" \/>\n\t<meta name=\"twitter:data1\" content=\"admin\" \/>\n\t<meta name=\"twitter:label2\" content=\"Tiempo de lectura\" \/>\n\t<meta name=\"twitter:data2\" content=\"1 minuto\" \/>\n<script type=\"application\/ld+json\" class=\"yoast-schema-graph\">{\"@context\":\"https:\\\/\\\/schema.org\",\"@graph\":[{\"@type\":\"Article\",\"@id\":\"https:\\\/\\\/if.edu.mx\\\/index.php\\\/2026\\\/01\\\/01\\\/curso-en-pensamiento-critico-el-arte-del-analisis-argumental-1-de-julio-de-2024-a-distancia-asincronico\\\/#article\",\"isPartOf\":{\"@id\":\"https:\\\/\\\/if.edu.mx\\\/index.php\\\/2026\\\/01\\\/01\\\/curso-en-pensamiento-critico-el-arte-del-analisis-argumental-1-de-julio-de-2024-a-distancia-asincronico\\\/\"},\"author\":{\"name\":\"admin\",\"@id\":\"https:\\\/\\\/if.edu.mx\\\/#\\\/schema\\\/person\\\/4d907d3bbc316352d8f7fea20e45bb70\"},\"headline\":\"Curso en Pensamiento Cr\u00edtico: El Arte del An\u00e1lisis Argumental. (2026) (A distancia &#8211; asincr\u00f3nico &#8211; c\u00edclico).\",\"datePublished\":\"2026-01-01T18:57:59+00:00\",\"dateModified\":\"2026-02-05T16:17:07+00:00\",\"mainEntityOfPage\":{\"@id\":\"https:\\\/\\\/if.edu.mx\\\/index.php\\\/2026\\\/01\\\/01\\\/curso-en-pensamiento-critico-el-arte-del-analisis-argumental-1-de-julio-de-2024-a-distancia-asincronico\\\/\"},\"wordCount\":151,\"commentCount\":0,\"image\":{\"@id\":\"https:\\\/\\\/if.edu.mx\\\/index.php\\\/2026\\\/01\\\/01\\\/curso-en-pensamiento-critico-el-arte-del-analisis-argumental-1-de-julio-de-2024-a-distancia-asincronico\\\/#primaryimage\"},\"thumbnailUrl\":\"https:\\\/\\\/if.edu.mx\\\/wp-content\\\/uploads\\\/2024\\\/06\\\/Miniaturacurso-pensamiento-critico_Mesa-de-trabajo-1.jpg\",\"articleSection\":[\"Cursos\",\"Novedades\"],\"inLanguage\":\"es\",\"potentialAction\":[{\"@type\":\"CommentAction\",\"name\":\"Comment\",\"target\":[\"https:\\\/\\\/if.edu.mx\\\/index.php\\\/2026\\\/01\\\/01\\\/curso-en-pensamiento-critico-el-arte-del-analisis-argumental-1-de-julio-de-2024-a-distancia-asincronico\\\/#respond\"]}]},{\"@type\":\"WebPage\",\"@id\":\"https:\\\/\\\/if.edu.mx\\\/index.php\\\/2026\\\/01\\\/01\\\/curso-en-pensamiento-critico-el-arte-del-analisis-argumental-1-de-julio-de-2024-a-distancia-asincronico\\\/\",\"url\":\"https:\\\/\\\/if.edu.mx\\\/index.php\\\/2026\\\/01\\\/01\\\/curso-en-pensamiento-critico-el-arte-del-analisis-argumental-1-de-julio-de-2024-a-distancia-asincronico\\\/\",\"name\":\"Curso en Pensamiento Cr\u00edtico: El Arte del An\u00e1lisis Argumental. (2026) (A distancia - asincr\u00f3nico - c\u00edclico). - Instituto de filosofia\",\"isPartOf\":{\"@id\":\"https:\\\/\\\/if.edu.mx\\\/#website\"},\"primaryImageOfPage\":{\"@id\":\"https:\\\/\\\/if.edu.mx\\\/index.php\\\/2026\\\/01\\\/01\\\/curso-en-pensamiento-critico-el-arte-del-analisis-argumental-1-de-julio-de-2024-a-distancia-asincronico\\\/#primaryimage\"},\"image\":{\"@id\":\"https:\\\/\\\/if.edu.mx\\\/index.php\\\/2026\\\/01\\\/01\\\/curso-en-pensamiento-critico-el-arte-del-analisis-argumental-1-de-julio-de-2024-a-distancia-asincronico\\\/#primaryimage\"},\"thumbnailUrl\":\"https:\\\/\\\/if.edu.mx\\\/wp-content\\\/uploads\\\/2024\\\/06\\\/Miniaturacurso-pensamiento-critico_Mesa-de-trabajo-1.jpg\",\"datePublished\":\"2026-01-01T18:57:59+00:00\",\"dateModified\":\"2026-02-05T16:17:07+00:00\",\"author\":{\"@id\":\"https:\\\/\\\/if.edu.mx\\\/#\\\/schema\\\/person\\\/4d907d3bbc316352d8f7fea20e45bb70\"},\"breadcrumb\":{\"@id\":\"https:\\\/\\\/if.edu.mx\\\/index.php\\\/2026\\\/01\\\/01\\\/curso-en-pensamiento-critico-el-arte-del-analisis-argumental-1-de-julio-de-2024-a-distancia-asincronico\\\/#breadcrumb\"},\"inLanguage\":\"es\",\"potentialAction\":[{\"@type\":\"ReadAction\",\"target\":[\"https:\\\/\\\/if.edu.mx\\\/index.php\\\/2026\\\/01\\\/01\\\/curso-en-pensamiento-critico-el-arte-del-analisis-argumental-1-de-julio-de-2024-a-distancia-asincronico\\\/\"]}]},{\"@type\":\"ImageObject\",\"inLanguage\":\"es\",\"@id\":\"https:\\\/\\\/if.edu.mx\\\/index.php\\\/2026\\\/01\\\/01\\\/curso-en-pensamiento-critico-el-arte-del-analisis-argumental-1-de-julio-de-2024-a-distancia-asincronico\\\/#primaryimage\",\"url\":\"https:\\\/\\\/if.edu.mx\\\/wp-content\\\/uploads\\\/2024\\\/06\\\/Miniaturacurso-pensamiento-critico_Mesa-de-trabajo-1.jpg\",\"contentUrl\":\"https:\\\/\\\/if.edu.mx\\\/wp-content\\\/uploads\\\/2024\\\/06\\\/Miniaturacurso-pensamiento-critico_Mesa-de-trabajo-1.jpg\",\"width\":1458,\"height\":1042},{\"@type\":\"BreadcrumbList\",\"@id\":\"https:\\\/\\\/if.edu.mx\\\/index.php\\\/2026\\\/01\\\/01\\\/curso-en-pensamiento-critico-el-arte-del-analisis-argumental-1-de-julio-de-2024-a-distancia-asincronico\\\/#breadcrumb\",\"itemListElement\":[{\"@type\":\"ListItem\",\"position\":1,\"name\":\"Portada\",\"item\":\"https:\\\/\\\/if.edu.mx\\\/\"},{\"@type\":\"ListItem\",\"position\":2,\"name\":\"Curso en Pensamiento Cr\u00edtico: El Arte del An\u00e1lisis Argumental. (2026) (A distancia &#8211; asincr\u00f3nico &#8211; c\u00edclico).\"}]},{\"@type\":\"WebSite\",\"@id\":\"https:\\\/\\\/if.edu.mx\\\/#website\",\"url\":\"https:\\\/\\\/if.edu.mx\\\/\",\"name\":\"Instituto de filosofia\",\"description\":\"Dialogar para construir\u2026una filosof\u00eda para la vida\",\"potentialAction\":[{\"@type\":\"SearchAction\",\"target\":{\"@type\":\"EntryPoint\",\"urlTemplate\":\"https:\\\/\\\/if.edu.mx\\\/?s={search_term_string}\"},\"query-input\":{\"@type\":\"PropertyValueSpecification\",\"valueRequired\":true,\"valueName\":\"search_term_string\"}}],\"inLanguage\":\"es\"},{\"@type\":\"Person\",\"@id\":\"https:\\\/\\\/if.edu.mx\\\/#\\\/schema\\\/person\\\/4d907d3bbc316352d8f7fea20e45bb70\",\"name\":\"admin\",\"image\":{\"@type\":\"ImageObject\",\"inLanguage\":\"es\",\"@id\":\"https:\\\/\\\/secure.gravatar.com\\\/avatar\\\/c2478f6f8f2baf664bc2e70ccd7a493e12203cb3d39f00c79c1028e23338fe55?s=96&d=mm&r=g\",\"url\":\"https:\\\/\\\/secure.gravatar.com\\\/avatar\\\/c2478f6f8f2baf664bc2e70ccd7a493e12203cb3d39f00c79c1028e23338fe55?s=96&d=mm&r=g\",\"contentUrl\":\"https:\\\/\\\/secure.gravatar.com\\\/avatar\\\/c2478f6f8f2baf664bc2e70ccd7a493e12203cb3d39f00c79c1028e23338fe55?s=96&d=mm&r=g\",\"caption\":\"admin\"},\"sameAs\":[\"https:\\\/\\\/if.edu.mx\\\/desing\"],\"url\":\"https:\\\/\\\/if.edu.mx\\\/index.php\\\/author\\\/admin_if\\\/\"}]}<\/script>\n<!-- \/ Yoast SEO plugin. -->","yoast_head_json":{"title":"Curso en Pensamiento Cr\u00edtico: El Arte del An\u00e1lisis Argumental. (2026) (A distancia - asincr\u00f3nico - c\u00edclico). - Instituto de filosofia","robots":{"index":"index","follow":"follow","max-snippet":"max-snippet:-1","max-image-preview":"max-image-preview:large","max-video-preview":"max-video-preview:-1"},"canonical":"https:\/\/if.edu.mx\/index.php\/2026\/01\/01\/curso-en-pensamiento-critico-el-arte-del-analisis-argumental-1-de-julio-de-2024-a-distancia-asincronico\/","og_locale":"es_ES","og_type":"article","og_title":"Curso en Pensamiento Cr\u00edtico: El Arte del An\u00e1lisis Argumental. (2026) (A distancia - asincr\u00f3nico - c\u00edclico). - Instituto de filosofia","og_description":"Este curso ofrece un conjunto de herramientas te\u00f3ricas y pr\u00e1cticas que pueden aprovecharse para el ejercicio eficiente de la comprensi\u00f3n, an\u00e1lisis y evaluaci\u00f3n de discursos argumentativos orales y escritos...","og_url":"https:\/\/if.edu.mx\/index.php\/2026\/01\/01\/curso-en-pensamiento-critico-el-arte-del-analisis-argumental-1-de-julio-de-2024-a-distancia-asincronico\/","og_site_name":"Instituto de filosofia","article_published_time":"2026-01-01T18:57:59+00:00","article_modified_time":"2026-02-05T16:17:07+00:00","og_image":[{"width":1458,"height":1042,"url":"https:\/\/if.edu.mx\/wp-content\/uploads\/2024\/06\/Miniaturacurso-pensamiento-critico_Mesa-de-trabajo-1.jpg","type":"image\/jpeg"}],"author":"admin","twitter_card":"summary_large_image","twitter_misc":{"Escrito por":"admin","Tiempo de lectura":"1 minuto"},"schema":{"@context":"https:\/\/schema.org","@graph":[{"@type":"Article","@id":"https:\/\/if.edu.mx\/index.php\/2026\/01\/01\/curso-en-pensamiento-critico-el-arte-del-analisis-argumental-1-de-julio-de-2024-a-distancia-asincronico\/#article","isPartOf":{"@id":"https:\/\/if.edu.mx\/index.php\/2026\/01\/01\/curso-en-pensamiento-critico-el-arte-del-analisis-argumental-1-de-julio-de-2024-a-distancia-asincronico\/"},"author":{"name":"admin","@id":"https:\/\/if.edu.mx\/#\/schema\/person\/4d907d3bbc316352d8f7fea20e45bb70"},"headline":"Curso en Pensamiento Cr\u00edtico: El Arte del An\u00e1lisis Argumental. (2026) (A distancia &#8211; asincr\u00f3nico &#8211; c\u00edclico).","datePublished":"2026-01-01T18:57:59+00:00","dateModified":"2026-02-05T16:17:07+00:00","mainEntityOfPage":{"@id":"https:\/\/if.edu.mx\/index.php\/2026\/01\/01\/curso-en-pensamiento-critico-el-arte-del-analisis-argumental-1-de-julio-de-2024-a-distancia-asincronico\/"},"wordCount":151,"commentCount":0,"image":{"@id":"https:\/\/if.edu.mx\/index.php\/2026\/01\/01\/curso-en-pensamiento-critico-el-arte-del-analisis-argumental-1-de-julio-de-2024-a-distancia-asincronico\/#primaryimage"},"thumbnailUrl":"https:\/\/if.edu.mx\/wp-content\/uploads\/2024\/06\/Miniaturacurso-pensamiento-critico_Mesa-de-trabajo-1.jpg","articleSection":["Cursos","Novedades"],"inLanguage":"es","potentialAction":[{"@type":"CommentAction","name":"Comment","target":["https:\/\/if.edu.mx\/index.php\/2026\/01\/01\/curso-en-pensamiento-critico-el-arte-del-analisis-argumental-1-de-julio-de-2024-a-distancia-asincronico\/#respond"]}]},{"@type":"WebPage","@id":"https:\/\/if.edu.mx\/index.php\/2026\/01\/01\/curso-en-pensamiento-critico-el-arte-del-analisis-argumental-1-de-julio-de-2024-a-distancia-asincronico\/","url":"https:\/\/if.edu.mx\/index.php\/2026\/01\/01\/curso-en-pensamiento-critico-el-arte-del-analisis-argumental-1-de-julio-de-2024-a-distancia-asincronico\/","name":"Curso en Pensamiento Cr\u00edtico: El Arte del An\u00e1lisis Argumental. (2026) (A distancia - asincr\u00f3nico - c\u00edclico). - Instituto de filosofia","isPartOf":{"@id":"https:\/\/if.edu.mx\/#website"},"primaryImageOfPage":{"@id":"https:\/\/if.edu.mx\/index.php\/2026\/01\/01\/curso-en-pensamiento-critico-el-arte-del-analisis-argumental-1-de-julio-de-2024-a-distancia-asincronico\/#primaryimage"},"image":{"@id":"https:\/\/if.edu.mx\/index.php\/2026\/01\/01\/curso-en-pensamiento-critico-el-arte-del-analisis-argumental-1-de-julio-de-2024-a-distancia-asincronico\/#primaryimage"},"thumbnailUrl":"https:\/\/if.edu.mx\/wp-content\/uploads\/2024\/06\/Miniaturacurso-pensamiento-critico_Mesa-de-trabajo-1.jpg","datePublished":"2026-01-01T18:57:59+00:00","dateModified":"2026-02-05T16:17:07+00:00","author":{"@id":"https:\/\/if.edu.mx\/#\/schema\/person\/4d907d3bbc316352d8f7fea20e45bb70"},"breadcrumb":{"@id":"https:\/\/if.edu.mx\/index.php\/2026\/01\/01\/curso-en-pensamiento-critico-el-arte-del-analisis-argumental-1-de-julio-de-2024-a-distancia-asincronico\/#breadcrumb"},"inLanguage":"es","potentialAction":[{"@type":"ReadAction","target":["https:\/\/if.edu.mx\/index.php\/2026\/01\/01\/curso-en-pensamiento-critico-el-arte-del-analisis-argumental-1-de-julio-de-2024-a-distancia-asincronico\/"]}]},{"@type":"ImageObject","inLanguage":"es","@id":"https:\/\/if.edu.mx\/index.php\/2026\/01\/01\/curso-en-pensamiento-critico-el-arte-del-analisis-argumental-1-de-julio-de-2024-a-distancia-asincronico\/#primaryimage","url":"https:\/\/if.edu.mx\/wp-content\/uploads\/2024\/06\/Miniaturacurso-pensamiento-critico_Mesa-de-trabajo-1.jpg","contentUrl":"https:\/\/if.edu.mx\/wp-content\/uploads\/2024\/06\/Miniaturacurso-pensamiento-critico_Mesa-de-trabajo-1.jpg","width":1458,"height":1042},{"@type":"BreadcrumbList","@id":"https:\/\/if.edu.mx\/index.php\/2026\/01\/01\/curso-en-pensamiento-critico-el-arte-del-analisis-argumental-1-de-julio-de-2024-a-distancia-asincronico\/#breadcrumb","itemListElement":[{"@type":"ListItem","position":1,"name":"Portada","item":"https:\/\/if.edu.mx\/"},{"@type":"ListItem","position":2,"name":"Curso en Pensamiento Cr\u00edtico: El Arte del An\u00e1lisis Argumental. (2026) (A distancia &#8211; asincr\u00f3nico &#8211; c\u00edclico)."}]},{"@type":"WebSite","@id":"https:\/\/if.edu.mx\/#website","url":"https:\/\/if.edu.mx\/","name":"Instituto de filosofia","description":"Dialogar para construir\u2026una filosof\u00eda para la vida","potentialAction":[{"@type":"SearchAction","target":{"@type":"EntryPoint","urlTemplate":"https:\/\/if.edu.mx\/?s={search_term_string}"},"query-input":{"@type":"PropertyValueSpecification","valueRequired":true,"valueName":"search_term_string"}}],"inLanguage":"es"},{"@type":"Person","@id":"https:\/\/if.edu.mx\/#\/schema\/person\/4d907d3bbc316352d8f7fea20e45bb70","name":"admin","image":{"@type":"ImageObject","inLanguage":"es","@id":"https:\/\/secure.gravatar.com\/avatar\/c2478f6f8f2baf664bc2e70ccd7a493e12203cb3d39f00c79c1028e23338fe55?s=96&d=mm&r=g","url":"https:\/\/secure.gravatar.com\/avatar\/c2478f6f8f2baf664bc2e70ccd7a493e12203cb3d39f00c79c1028e23338fe55?s=96&d=mm&r=g","contentUrl":"https:\/\/secure.gravatar.com\/avatar\/c2478f6f8f2baf664bc2e70ccd7a493e12203cb3d39f00c79c1028e23338fe55?s=96&d=mm&r=g","caption":"admin"},"sameAs":["https:\/\/if.edu.mx\/desing"],"url":"https:\/\/if.edu.mx\/index.php\/author\/admin_if\/"}]}},"_links":{"self":[{"href":"https:\/\/if.edu.mx\/index.php\/wp-json\/wp\/v2\/posts\/4903","targetHints":{"allow":["GET"]}}],"collection":[{"href":"https:\/\/if.edu.mx\/index.php\/wp-json\/wp\/v2\/posts"}],"about":[{"href":"https:\/\/if.edu.mx\/index.php\/wp-json\/wp\/v2\/types\/post"}],"author":[{"embeddable":true,"href":"https:\/\/if.edu.mx\/index.php\/wp-json\/wp\/v2\/users\/1"}],"replies":[{"embeddable":true,"href":"https:\/\/if.edu.mx\/index.php\/wp-json\/wp\/v2\/comments?post=4903"}],"version-history":[{"count":32,"href":"https:\/\/if.edu.mx\/index.php\/wp-json\/wp\/v2\/posts\/4903\/revisions"}],"predecessor-version":[{"id":6454,"href":"https:\/\/if.edu.mx\/index.php\/wp-json\/wp\/v2\/posts\/4903\/revisions\/6454"}],"wp:featuredmedia":[{"embeddable":true,"href":"https:\/\/if.edu.mx\/index.php\/wp-json\/wp\/v2\/media\/5585"}],"wp:attachment":[{"href":"https:\/\/if.edu.mx\/index.php\/wp-json\/wp\/v2\/media?parent=4903"}],"wp:term":[{"taxonomy":"category","embeddable":true,"href":"https:\/\/if.edu.mx\/index.php\/wp-json\/wp\/v2\/categories?post=4903"},{"taxonomy":"post_tag","embeddable":true,"href":"https:\/\/if.edu.mx\/index.php\/wp-json\/wp\/v2\/tags?post=4903"}],"curies":[{"name":"wp","href":"https:\/\/api.w.org\/{rel}","templated":true}]}}