{"id":4650,"date":"2024-02-15T17:46:22","date_gmt":"2024-02-15T17:46:22","guid":{"rendered":"https:\/\/if.edu.mx\/?p=4650"},"modified":"2026-04-23T18:54:42","modified_gmt":"2026-04-23T18:54:42","slug":"seminario-de-problemas-y-dilemas-filosoficos-2024-a-distancia","status":"publish","type":"post","link":"https:\/\/if.edu.mx\/index.php\/2024\/02\/15\/seminario-de-problemas-y-dilemas-filosoficos-2024-a-distancia\/","title":{"rendered":"Seminario de Problemas y Dilemas Filos\u00f3ficos y Bio\u00e9ticos Contempor\u00e1neos 2026 (A distancia)."},"content":{"rendered":"\t\t<div data-elementor-type=\"wp-post\" data-elementor-id=\"4650\" class=\"elementor elementor-4650\" data-elementor-settings=\"{&quot;ha_cmc_init_switcher&quot;:&quot;no&quot;}\">\n\t\t\t\t\t\t<section class=\"elementor-section elementor-top-section elementor-element elementor-element-aadf1b6 elementor-section-boxed elementor-section-height-default elementor-section-height-default\" data-id=\"aadf1b6\" data-element_type=\"section\" data-e-type=\"section\">\n\t\t\t\t\t\t<div class=\"elementor-container elementor-column-gap-default\">\n\t\t\t\t\t<div class=\"elementor-column elementor-col-100 elementor-top-column elementor-element elementor-element-a750213\" data-id=\"a750213\" data-element_type=\"column\" data-e-type=\"column\">\n\t\t\t<div class=\"elementor-widget-wrap elementor-element-populated\">\n\t\t\t\t\t\t<div class=\"elementor-element elementor-element-b09c7b7 elementor-widget elementor-widget-heading\" data-id=\"b09c7b7\" data-element_type=\"widget\" data-e-type=\"widget\" data-widget_type=\"heading.default\">\n\t\t\t\t<div class=\"elementor-widget-container\">\n\t\t\t\t\t<h2 class=\"elementor-heading-title elementor-size-default\">Generalidades:\n<\/h2>\t\t\t\t<\/div>\n\t\t\t\t<\/div>\n\t\t\t\t<div class=\"elementor-element elementor-element-e8229ff elementor-widget elementor-widget-text-editor\" data-id=\"e8229ff\" data-element_type=\"widget\" data-e-type=\"widget\" data-widget_type=\"text-editor.default\">\n\t\t\t\t<div class=\"elementor-widget-container\">\n\t\t\t\t\t\t\t\t\t<p><strong>Organiza:<\/strong> Instituto de Filosof\u00eda.<\/p>\n<p><strong>Destinatarios:<\/strong>\u00b7<span style=\"font-size: 14pt;\">Cualquier persona que tenga inter\u00e9s genuino en el tema.<\/span><\/p>\n<p><strong>Modalidad:<\/strong> A distancia (transmisi\u00f3n por Zoom y YouTube).<\/p>\n<p><strong>Objetivo:<\/strong> Generar espacios de reflexi\u00f3n, promoci\u00f3n y divulgaci\u00f3n de la Filosof\u00eda, que establezcan puentes con las ciencias sociales e inviten a pensar los problemas fundamentales del aqu\u00ed y ahora, especialmente problemas que se suceden en el Continente Americano.<\/p>\n<p><strong>Cuarta conferencia de seminario <\/strong><span style=\"font-weight: bolder;\">(2026):<\/span><\/p>\n<p><span style=\"font-weight: bolder;\">T\u00edtulo: \u00abUna propuesta descolonial que cuestiona la universalidad de los Derechos Humanos\u00bb<\/span><\/p>\n<p><span style=\"font-weight: bolder;\">Conferencista: Lic. Salvador Rodea Gonz\u00e1lez.<\/span><\/p>\n<p><b>Moderador:<\/b> <strong>Dr. H\u00e9ctor Le\u00f3n.<\/strong><\/p>\n<p><b>Fecha: <\/b>13 de mayo del 2026.<\/p>\n<p><strong>Horario y Lugar: <\/strong>19:00 hrs. (hora del centro de M\u00e9xico).<\/p>\n<p><strong>Costo: <\/strong>Gratuito.<\/p>\n<p><strong><em>Ver tercera ponencia a continuaci\u00f3n:<\/em><\/strong><\/p>\t\t\t\t\t\t\t\t<\/div>\n\t\t\t\t<\/div>\n\t\t\t\t<div class=\"elementor-element elementor-element-1b9f2a8 elementor-widget-divider--view-line elementor-widget elementor-widget-divider\" data-id=\"1b9f2a8\" data-element_type=\"widget\" data-e-type=\"widget\" data-widget_type=\"divider.default\">\n\t\t\t\t<div class=\"elementor-widget-container\">\n\t\t\t\t\t\t\t<div class=\"elementor-divider\">\n\t\t\t<span class=\"elementor-divider-separator\">\n\t\t\t\t\t\t<\/span>\n\t\t<\/div>\n\t\t\t\t\t\t<\/div>\n\t\t\t\t<\/div>\n\t\t\t\t\t<\/div>\n\t\t<\/div>\n\t\t\t\t\t<\/div>\n\t\t<\/section>\n\t\t\t\t<section class=\"elementor-section elementor-top-section elementor-element elementor-element-5c9c788 elementor-section-boxed elementor-section-height-default elementor-section-height-default\" data-id=\"5c9c788\" data-element_type=\"section\" data-e-type=\"section\">\n\t\t\t\t\t\t<div class=\"elementor-container elementor-column-gap-default\">\n\t\t\t\t\t<div class=\"elementor-column elementor-col-100 elementor-top-column elementor-element elementor-element-1d1935c\" data-id=\"1d1935c\" data-element_type=\"column\" data-e-type=\"column\">\n\t\t\t<div class=\"elementor-widget-wrap elementor-element-populated\">\n\t\t\t\t\t\t<div class=\"elementor-element elementor-element-425bd4a elementor-widget elementor-widget-video\" data-id=\"425bd4a\" data-element_type=\"widget\" data-e-type=\"widget\" data-settings=\"{&quot;youtube_url&quot;:&quot;https:\\\/\\\/youtu.be\\\/TKryvBBA-V8?list=PLO8mK8IyOT9CBoStSdfNbHfbX3-JcqCfW&quot;,&quot;video_type&quot;:&quot;youtube&quot;,&quot;controls&quot;:&quot;yes&quot;}\" data-widget_type=\"video.default\">\n\t\t\t\t<div class=\"elementor-widget-container\">\n\t\t\t\t\t\t\t<div class=\"elementor-wrapper elementor-open-inline\">\n\t\t\t<div class=\"elementor-video\"><\/div>\t\t<\/div>\n\t\t\t\t\t\t<\/div>\n\t\t\t\t<\/div>\n\t\t\t\t\t<\/div>\n\t\t<\/div>\n\t\t\t\t\t<\/div>\n\t\t<\/section>\n\t\t\t\t<section class=\"elementor-section elementor-top-section elementor-element elementor-element-cad45b5 elementor-section-boxed elementor-section-height-default elementor-section-height-default\" data-id=\"cad45b5\" data-element_type=\"section\" data-e-type=\"section\">\n\t\t\t\t\t\t<div class=\"elementor-container elementor-column-gap-default\">\n\t\t\t\t\t<div class=\"elementor-column elementor-col-100 elementor-top-column elementor-element elementor-element-35f6cfd\" data-id=\"35f6cfd\" data-element_type=\"column\" data-e-type=\"column\">\n\t\t\t<div class=\"elementor-widget-wrap elementor-element-populated\">\n\t\t\t\t\t\t<div class=\"elementor-element elementor-element-42380ad elementor-widget elementor-widget-text-editor\" data-id=\"42380ad\" data-element_type=\"widget\" data-e-type=\"widget\" data-widget_type=\"text-editor.default\">\n\t\t\t\t<div class=\"elementor-widget-container\">\n\t\t\t\t\t\t\t\t\t<p><b>M\u00e1s informaci\u00f3n:<\/b> difusion@if.edu.mx; Cel. (+52) 33 2256 3078\u00a0<\/p><p>Si deseas participar de las ponencias v\u00eda Zoom, inscr\u00edbete a continuaci\u00f3n:<\/p><p class=\"MsoNormal\" style=\"margin-bottom: 0cm; line-height: normal;\">\u00a0<\/p>\t\t\t\t\t\t\t\t<\/div>\n\t\t\t\t<\/div>\n\t\t\t\t\t<\/div>\n\t\t<\/div>\n\t\t\t\t\t<\/div>\n\t\t<\/section>\n\t\t\t\t<section class=\"elementor-section elementor-top-section elementor-element elementor-element-93e594e elementor-section-boxed elementor-section-height-default elementor-section-height-default\" data-id=\"93e594e\" data-element_type=\"section\" data-e-type=\"section\">\n\t\t\t\t\t\t<div class=\"elementor-container elementor-column-gap-default\">\n\t\t\t\t\t<div class=\"elementor-column elementor-col-100 elementor-top-column elementor-element elementor-element-96d70a8\" data-id=\"96d70a8\" data-element_type=\"column\" data-e-type=\"column\">\n\t\t\t<div class=\"elementor-widget-wrap elementor-element-populated\">\n\t\t\t\t\t\t<div class=\"elementor-element elementor-element-6d31e2e elementor-align-center elementor-widget elementor-widget-button\" data-id=\"6d31e2e\" data-element_type=\"widget\" data-e-type=\"widget\" data-widget_type=\"button.default\">\n\t\t\t\t<div class=\"elementor-widget-container\">\n\t\t\t\t\t\t\t\t\t<div class=\"elementor-button-wrapper\">\n\t\t\t\t\t<a class=\"elementor-button elementor-button-link elementor-size-sm\" href=\"https:\/\/docs.google.com\/forms\/d\/e\/1FAIpQLSeWjujRXWkZ3jFidx4ZjJjyIoNktTXcKwUqzehJqi3anMIY2w\/viewform?usp=sf_link\">\n\t\t\t\t\t\t<span class=\"elementor-button-content-wrapper\">\n\t\t\t\t\t\t\t\t\t<span class=\"elementor-button-text\">Inscripciones aqui<\/span>\n\t\t\t\t\t<\/span>\n\t\t\t\t\t<\/a>\n\t\t\t\t<\/div>\n\t\t\t\t\t\t\t\t<\/div>\n\t\t\t\t<\/div>\n\t\t\t\t\t<\/div>\n\t\t<\/div>\n\t\t\t\t\t<\/div>\n\t\t<\/section>\n\t\t\t\t<\/div>\n\t\t","protected":false},"excerpt":{"rendered":"<p>Te invitamos a participar del ciclo de Seminarios de Problemas y Dilemas Filos\u00f3ficos 2026&#8230;<\/p>\n","protected":false},"author":1,"featured_media":6293,"comment_status":"open","ping_status":"closed","sticky":false,"template":"","format":"standard","meta":{"footnotes":""},"categories":[15],"tags":[],"class_list":["post-4650","post","type-post","status-publish","format-standard","has-post-thumbnail","hentry","category-talleres-y-seminarios"],"yoast_head":"<!-- This site is optimized with the Yoast SEO plugin v27.4 - https:\/\/yoast.com\/product\/yoast-seo-wordpress\/ -->\n<title>Seminario de Problemas y Dilemas Filos\u00f3ficos y Bio\u00e9ticos Contempor\u00e1neos 2026 (A distancia). - Instituto de filosofia<\/title>\n<meta name=\"robots\" content=\"index, follow, max-snippet:-1, max-image-preview:large, max-video-preview:-1\" \/>\n<link rel=\"canonical\" href=\"https:\/\/if.edu.mx\/index.php\/2024\/02\/15\/seminario-de-problemas-y-dilemas-filosoficos-2024-a-distancia\/\" \/>\n<meta property=\"og:locale\" content=\"es_ES\" \/>\n<meta property=\"og:type\" content=\"article\" \/>\n<meta property=\"og:title\" content=\"Seminario de Problemas y Dilemas Filos\u00f3ficos y Bio\u00e9ticos Contempor\u00e1neos 2026 (A distancia). - Instituto de filosofia\" \/>\n<meta property=\"og:description\" content=\"Te invitamos a participar del ciclo de Seminarios de Problemas y Dilemas Filos\u00f3ficos 2026...\" \/>\n<meta property=\"og:url\" content=\"https:\/\/if.edu.mx\/index.php\/2024\/02\/15\/seminario-de-problemas-y-dilemas-filosoficos-2024-a-distancia\/\" \/>\n<meta property=\"og:site_name\" content=\"Instituto de filosofia\" \/>\n<meta property=\"article:published_time\" content=\"2024-02-15T17:46:22+00:00\" \/>\n<meta property=\"article:modified_time\" content=\"2026-04-23T18:54:42+00:00\" \/>\n<meta property=\"og:image\" content=\"https:\/\/if.edu.mx\/wp-content\/uploads\/2024\/02\/Min_Mesa-de-trabajo-1.jpg\" \/>\n\t<meta property=\"og:image:width\" content=\"1458\" \/>\n\t<meta property=\"og:image:height\" content=\"1042\" \/>\n\t<meta property=\"og:image:type\" content=\"image\/jpeg\" \/>\n<meta name=\"author\" content=\"admin\" \/>\n<meta name=\"twitter:card\" content=\"summary_large_image\" \/>\n<meta name=\"twitter:label1\" content=\"Escrito por\" \/>\n\t<meta name=\"twitter:data1\" content=\"admin\" \/>\n\t<meta name=\"twitter:label2\" content=\"Tiempo de lectura\" \/>\n\t<meta name=\"twitter:data2\" content=\"1 minuto\" \/>\n<script type=\"application\/ld+json\" class=\"yoast-schema-graph\">{\"@context\":\"https:\\\/\\\/schema.org\",\"@graph\":[{\"@type\":\"Article\",\"@id\":\"https:\\\/\\\/if.edu.mx\\\/index.php\\\/2024\\\/02\\\/15\\\/seminario-de-problemas-y-dilemas-filosoficos-2024-a-distancia\\\/#article\",\"isPartOf\":{\"@id\":\"https:\\\/\\\/if.edu.mx\\\/index.php\\\/2024\\\/02\\\/15\\\/seminario-de-problemas-y-dilemas-filosoficos-2024-a-distancia\\\/\"},\"author\":{\"name\":\"admin\",\"@id\":\"https:\\\/\\\/if.edu.mx\\\/#\\\/schema\\\/person\\\/4d907d3bbc316352d8f7fea20e45bb70\"},\"headline\":\"Seminario de Problemas y Dilemas Filos\u00f3ficos y Bio\u00e9ticos Contempor\u00e1neos 2026 (A distancia).\",\"datePublished\":\"2024-02-15T17:46:22+00:00\",\"dateModified\":\"2026-04-23T18:54:42+00:00\",\"mainEntityOfPage\":{\"@id\":\"https:\\\/\\\/if.edu.mx\\\/index.php\\\/2024\\\/02\\\/15\\\/seminario-de-problemas-y-dilemas-filosoficos-2024-a-distancia\\\/\"},\"wordCount\":168,\"commentCount\":0,\"image\":{\"@id\":\"https:\\\/\\\/if.edu.mx\\\/index.php\\\/2024\\\/02\\\/15\\\/seminario-de-problemas-y-dilemas-filosoficos-2024-a-distancia\\\/#primaryimage\"},\"thumbnailUrl\":\"https:\\\/\\\/if.edu.mx\\\/wp-content\\\/uploads\\\/2024\\\/02\\\/Min_Mesa-de-trabajo-1.jpg\",\"articleSection\":[\"Talleres y Seminarios\"],\"inLanguage\":\"es\",\"potentialAction\":[{\"@type\":\"CommentAction\",\"name\":\"Comment\",\"target\":[\"https:\\\/\\\/if.edu.mx\\\/index.php\\\/2024\\\/02\\\/15\\\/seminario-de-problemas-y-dilemas-filosoficos-2024-a-distancia\\\/#respond\"]}]},{\"@type\":\"WebPage\",\"@id\":\"https:\\\/\\\/if.edu.mx\\\/index.php\\\/2024\\\/02\\\/15\\\/seminario-de-problemas-y-dilemas-filosoficos-2024-a-distancia\\\/\",\"url\":\"https:\\\/\\\/if.edu.mx\\\/index.php\\\/2024\\\/02\\\/15\\\/seminario-de-problemas-y-dilemas-filosoficos-2024-a-distancia\\\/\",\"name\":\"Seminario de Problemas y Dilemas Filos\u00f3ficos y Bio\u00e9ticos Contempor\u00e1neos 2026 (A distancia). - Instituto de filosofia\",\"isPartOf\":{\"@id\":\"https:\\\/\\\/if.edu.mx\\\/#website\"},\"primaryImageOfPage\":{\"@id\":\"https:\\\/\\\/if.edu.mx\\\/index.php\\\/2024\\\/02\\\/15\\\/seminario-de-problemas-y-dilemas-filosoficos-2024-a-distancia\\\/#primaryimage\"},\"image\":{\"@id\":\"https:\\\/\\\/if.edu.mx\\\/index.php\\\/2024\\\/02\\\/15\\\/seminario-de-problemas-y-dilemas-filosoficos-2024-a-distancia\\\/#primaryimage\"},\"thumbnailUrl\":\"https:\\\/\\\/if.edu.mx\\\/wp-content\\\/uploads\\\/2024\\\/02\\\/Min_Mesa-de-trabajo-1.jpg\",\"datePublished\":\"2024-02-15T17:46:22+00:00\",\"dateModified\":\"2026-04-23T18:54:42+00:00\",\"author\":{\"@id\":\"https:\\\/\\\/if.edu.mx\\\/#\\\/schema\\\/person\\\/4d907d3bbc316352d8f7fea20e45bb70\"},\"breadcrumb\":{\"@id\":\"https:\\\/\\\/if.edu.mx\\\/index.php\\\/2024\\\/02\\\/15\\\/seminario-de-problemas-y-dilemas-filosoficos-2024-a-distancia\\\/#breadcrumb\"},\"inLanguage\":\"es\",\"potentialAction\":[{\"@type\":\"ReadAction\",\"target\":[\"https:\\\/\\\/if.edu.mx\\\/index.php\\\/2024\\\/02\\\/15\\\/seminario-de-problemas-y-dilemas-filosoficos-2024-a-distancia\\\/\"]}]},{\"@type\":\"ImageObject\",\"inLanguage\":\"es\",\"@id\":\"https:\\\/\\\/if.edu.mx\\\/index.php\\\/2024\\\/02\\\/15\\\/seminario-de-problemas-y-dilemas-filosoficos-2024-a-distancia\\\/#primaryimage\",\"url\":\"https:\\\/\\\/if.edu.mx\\\/wp-content\\\/uploads\\\/2024\\\/02\\\/Min_Mesa-de-trabajo-1.jpg\",\"contentUrl\":\"https:\\\/\\\/if.edu.mx\\\/wp-content\\\/uploads\\\/2024\\\/02\\\/Min_Mesa-de-trabajo-1.jpg\",\"width\":1458,\"height\":1042},{\"@type\":\"BreadcrumbList\",\"@id\":\"https:\\\/\\\/if.edu.mx\\\/index.php\\\/2024\\\/02\\\/15\\\/seminario-de-problemas-y-dilemas-filosoficos-2024-a-distancia\\\/#breadcrumb\",\"itemListElement\":[{\"@type\":\"ListItem\",\"position\":1,\"name\":\"Portada\",\"item\":\"https:\\\/\\\/if.edu.mx\\\/\"},{\"@type\":\"ListItem\",\"position\":2,\"name\":\"Seminario de Problemas y Dilemas Filos\u00f3ficos y Bio\u00e9ticos Contempor\u00e1neos 2026 (A distancia).\"}]},{\"@type\":\"WebSite\",\"@id\":\"https:\\\/\\\/if.edu.mx\\\/#website\",\"url\":\"https:\\\/\\\/if.edu.mx\\\/\",\"name\":\"Instituto de filosofia\",\"description\":\"Dialogar para construir\u2026una filosof\u00eda para la vida\",\"potentialAction\":[{\"@type\":\"SearchAction\",\"target\":{\"@type\":\"EntryPoint\",\"urlTemplate\":\"https:\\\/\\\/if.edu.mx\\\/?s={search_term_string}\"},\"query-input\":{\"@type\":\"PropertyValueSpecification\",\"valueRequired\":true,\"valueName\":\"search_term_string\"}}],\"inLanguage\":\"es\"},{\"@type\":\"Person\",\"@id\":\"https:\\\/\\\/if.edu.mx\\\/#\\\/schema\\\/person\\\/4d907d3bbc316352d8f7fea20e45bb70\",\"name\":\"admin\",\"image\":{\"@type\":\"ImageObject\",\"inLanguage\":\"es\",\"@id\":\"https:\\\/\\\/secure.gravatar.com\\\/avatar\\\/c2478f6f8f2baf664bc2e70ccd7a493e12203cb3d39f00c79c1028e23338fe55?s=96&d=mm&r=g\",\"url\":\"https:\\\/\\\/secure.gravatar.com\\\/avatar\\\/c2478f6f8f2baf664bc2e70ccd7a493e12203cb3d39f00c79c1028e23338fe55?s=96&d=mm&r=g\",\"contentUrl\":\"https:\\\/\\\/secure.gravatar.com\\\/avatar\\\/c2478f6f8f2baf664bc2e70ccd7a493e12203cb3d39f00c79c1028e23338fe55?s=96&d=mm&r=g\",\"caption\":\"admin\"},\"sameAs\":[\"https:\\\/\\\/if.edu.mx\\\/desing\"],\"url\":\"https:\\\/\\\/if.edu.mx\\\/index.php\\\/author\\\/admin_if\\\/\"}]}<\/script>\n<!-- \/ Yoast SEO plugin. -->","yoast_head_json":{"title":"Seminario de Problemas y Dilemas Filos\u00f3ficos y Bio\u00e9ticos Contempor\u00e1neos 2026 (A distancia). - Instituto de filosofia","robots":{"index":"index","follow":"follow","max-snippet":"max-snippet:-1","max-image-preview":"max-image-preview:large","max-video-preview":"max-video-preview:-1"},"canonical":"https:\/\/if.edu.mx\/index.php\/2024\/02\/15\/seminario-de-problemas-y-dilemas-filosoficos-2024-a-distancia\/","og_locale":"es_ES","og_type":"article","og_title":"Seminario de Problemas y Dilemas Filos\u00f3ficos y Bio\u00e9ticos Contempor\u00e1neos 2026 (A distancia). - Instituto de filosofia","og_description":"Te invitamos a participar del ciclo de Seminarios de Problemas y Dilemas Filos\u00f3ficos 2026...","og_url":"https:\/\/if.edu.mx\/index.php\/2024\/02\/15\/seminario-de-problemas-y-dilemas-filosoficos-2024-a-distancia\/","og_site_name":"Instituto de filosofia","article_published_time":"2024-02-15T17:46:22+00:00","article_modified_time":"2026-04-23T18:54:42+00:00","og_image":[{"width":1458,"height":1042,"url":"https:\/\/if.edu.mx\/wp-content\/uploads\/2024\/02\/Min_Mesa-de-trabajo-1.jpg","type":"image\/jpeg"}],"author":"admin","twitter_card":"summary_large_image","twitter_misc":{"Escrito por":"admin","Tiempo de lectura":"1 minuto"},"schema":{"@context":"https:\/\/schema.org","@graph":[{"@type":"Article","@id":"https:\/\/if.edu.mx\/index.php\/2024\/02\/15\/seminario-de-problemas-y-dilemas-filosoficos-2024-a-distancia\/#article","isPartOf":{"@id":"https:\/\/if.edu.mx\/index.php\/2024\/02\/15\/seminario-de-problemas-y-dilemas-filosoficos-2024-a-distancia\/"},"author":{"name":"admin","@id":"https:\/\/if.edu.mx\/#\/schema\/person\/4d907d3bbc316352d8f7fea20e45bb70"},"headline":"Seminario de Problemas y Dilemas Filos\u00f3ficos y Bio\u00e9ticos Contempor\u00e1neos 2026 (A distancia).","datePublished":"2024-02-15T17:46:22+00:00","dateModified":"2026-04-23T18:54:42+00:00","mainEntityOfPage":{"@id":"https:\/\/if.edu.mx\/index.php\/2024\/02\/15\/seminario-de-problemas-y-dilemas-filosoficos-2024-a-distancia\/"},"wordCount":168,"commentCount":0,"image":{"@id":"https:\/\/if.edu.mx\/index.php\/2024\/02\/15\/seminario-de-problemas-y-dilemas-filosoficos-2024-a-distancia\/#primaryimage"},"thumbnailUrl":"https:\/\/if.edu.mx\/wp-content\/uploads\/2024\/02\/Min_Mesa-de-trabajo-1.jpg","articleSection":["Talleres y Seminarios"],"inLanguage":"es","potentialAction":[{"@type":"CommentAction","name":"Comment","target":["https:\/\/if.edu.mx\/index.php\/2024\/02\/15\/seminario-de-problemas-y-dilemas-filosoficos-2024-a-distancia\/#respond"]}]},{"@type":"WebPage","@id":"https:\/\/if.edu.mx\/index.php\/2024\/02\/15\/seminario-de-problemas-y-dilemas-filosoficos-2024-a-distancia\/","url":"https:\/\/if.edu.mx\/index.php\/2024\/02\/15\/seminario-de-problemas-y-dilemas-filosoficos-2024-a-distancia\/","name":"Seminario de Problemas y Dilemas Filos\u00f3ficos y Bio\u00e9ticos Contempor\u00e1neos 2026 (A distancia). - Instituto de filosofia","isPartOf":{"@id":"https:\/\/if.edu.mx\/#website"},"primaryImageOfPage":{"@id":"https:\/\/if.edu.mx\/index.php\/2024\/02\/15\/seminario-de-problemas-y-dilemas-filosoficos-2024-a-distancia\/#primaryimage"},"image":{"@id":"https:\/\/if.edu.mx\/index.php\/2024\/02\/15\/seminario-de-problemas-y-dilemas-filosoficos-2024-a-distancia\/#primaryimage"},"thumbnailUrl":"https:\/\/if.edu.mx\/wp-content\/uploads\/2024\/02\/Min_Mesa-de-trabajo-1.jpg","datePublished":"2024-02-15T17:46:22+00:00","dateModified":"2026-04-23T18:54:42+00:00","author":{"@id":"https:\/\/if.edu.mx\/#\/schema\/person\/4d907d3bbc316352d8f7fea20e45bb70"},"breadcrumb":{"@id":"https:\/\/if.edu.mx\/index.php\/2024\/02\/15\/seminario-de-problemas-y-dilemas-filosoficos-2024-a-distancia\/#breadcrumb"},"inLanguage":"es","potentialAction":[{"@type":"ReadAction","target":["https:\/\/if.edu.mx\/index.php\/2024\/02\/15\/seminario-de-problemas-y-dilemas-filosoficos-2024-a-distancia\/"]}]},{"@type":"ImageObject","inLanguage":"es","@id":"https:\/\/if.edu.mx\/index.php\/2024\/02\/15\/seminario-de-problemas-y-dilemas-filosoficos-2024-a-distancia\/#primaryimage","url":"https:\/\/if.edu.mx\/wp-content\/uploads\/2024\/02\/Min_Mesa-de-trabajo-1.jpg","contentUrl":"https:\/\/if.edu.mx\/wp-content\/uploads\/2024\/02\/Min_Mesa-de-trabajo-1.jpg","width":1458,"height":1042},{"@type":"BreadcrumbList","@id":"https:\/\/if.edu.mx\/index.php\/2024\/02\/15\/seminario-de-problemas-y-dilemas-filosoficos-2024-a-distancia\/#breadcrumb","itemListElement":[{"@type":"ListItem","position":1,"name":"Portada","item":"https:\/\/if.edu.mx\/"},{"@type":"ListItem","position":2,"name":"Seminario de Problemas y Dilemas Filos\u00f3ficos y Bio\u00e9ticos Contempor\u00e1neos 2026 (A distancia)."}]},{"@type":"WebSite","@id":"https:\/\/if.edu.mx\/#website","url":"https:\/\/if.edu.mx\/","name":"Instituto de filosofia","description":"Dialogar para construir\u2026una filosof\u00eda para la vida","potentialAction":[{"@type":"SearchAction","target":{"@type":"EntryPoint","urlTemplate":"https:\/\/if.edu.mx\/?s={search_term_string}"},"query-input":{"@type":"PropertyValueSpecification","valueRequired":true,"valueName":"search_term_string"}}],"inLanguage":"es"},{"@type":"Person","@id":"https:\/\/if.edu.mx\/#\/schema\/person\/4d907d3bbc316352d8f7fea20e45bb70","name":"admin","image":{"@type":"ImageObject","inLanguage":"es","@id":"https:\/\/secure.gravatar.com\/avatar\/c2478f6f8f2baf664bc2e70ccd7a493e12203cb3d39f00c79c1028e23338fe55?s=96&d=mm&r=g","url":"https:\/\/secure.gravatar.com\/avatar\/c2478f6f8f2baf664bc2e70ccd7a493e12203cb3d39f00c79c1028e23338fe55?s=96&d=mm&r=g","contentUrl":"https:\/\/secure.gravatar.com\/avatar\/c2478f6f8f2baf664bc2e70ccd7a493e12203cb3d39f00c79c1028e23338fe55?s=96&d=mm&r=g","caption":"admin"},"sameAs":["https:\/\/if.edu.mx\/desing"],"url":"https:\/\/if.edu.mx\/index.php\/author\/admin_if\/"}]}},"_links":{"self":[{"href":"https:\/\/if.edu.mx\/index.php\/wp-json\/wp\/v2\/posts\/4650","targetHints":{"allow":["GET"]}}],"collection":[{"href":"https:\/\/if.edu.mx\/index.php\/wp-json\/wp\/v2\/posts"}],"about":[{"href":"https:\/\/if.edu.mx\/index.php\/wp-json\/wp\/v2\/types\/post"}],"author":[{"embeddable":true,"href":"https:\/\/if.edu.mx\/index.php\/wp-json\/wp\/v2\/users\/1"}],"replies":[{"embeddable":true,"href":"https:\/\/if.edu.mx\/index.php\/wp-json\/wp\/v2\/comments?post=4650"}],"version-history":[{"count":94,"href":"https:\/\/if.edu.mx\/index.php\/wp-json\/wp\/v2\/posts\/4650\/revisions"}],"predecessor-version":[{"id":7061,"href":"https:\/\/if.edu.mx\/index.php\/wp-json\/wp\/v2\/posts\/4650\/revisions\/7061"}],"wp:featuredmedia":[{"embeddable":true,"href":"https:\/\/if.edu.mx\/index.php\/wp-json\/wp\/v2\/media\/6293"}],"wp:attachment":[{"href":"https:\/\/if.edu.mx\/index.php\/wp-json\/wp\/v2\/media?parent=4650"}],"wp:term":[{"taxonomy":"category","embeddable":true,"href":"https:\/\/if.edu.mx\/index.php\/wp-json\/wp\/v2\/categories?post=4650"},{"taxonomy":"post_tag","embeddable":true,"href":"https:\/\/if.edu.mx\/index.php\/wp-json\/wp\/v2\/tags?post=4650"}],"curies":[{"name":"wp","href":"https:\/\/api.w.org\/{rel}","templated":true}]}}